{"id":2700,"date":"2023-11-27T15:29:00","date_gmt":"2023-11-27T14:29:00","guid":{"rendered":"https:\/\/www.kaiserstrand.at\/?p=2700"},"modified":"2026-01-19T16:51:01","modified_gmt":"2026-01-19T15:51:01","slug":"oh-du-froehliche","status":"publish","type":"post","link":"https:\/\/www.kaiserstrand.at\/de\/blog\/oh-du-froehliche\/","title":{"rendered":"Oh du fr\u00f6hliche"},"content":{"rendered":"\n<p class=\"wp-block-paragraph\">Inmitten der Winterzauberlandschaft des Bodensees erwartet Sie im Seehotel am Kaiserstrand ein Fest der Sinne. Festlich geschm\u00fcckte R\u00e4umlichkeiten und malerische Ausblicke auf den winterlichen See sorgen f\u00fcr die richtige Weihnachtsstimmung, w\u00e4hrend unser kulinarisches Verw\u00f6hnprogramm einzigartige Genussmomente verspricht: Angefangen bei einem exklusiven Fondue-Abend im Badehaus bis hin zu einem festlichen Gala-Men\u00fc am Heiligabend. <\/p>\n\n\n\n<figure class=\"wp-block-image size-full\"><img decoding=\"async\" width=\"1600\" height=\"900\" src=\"https:\/\/www.kaiserstrand.at\/wp-content\/uploads\/2023\/11\/Bilder-1600x900-7.webp\" alt=\"Weihnachtsdrink\" class=\"wp-image-2709\" srcset=\"https:\/\/www.kaiserstrand.at\/wp-content\/uploads\/2023\/11\/Bilder-1600x900-7.webp 1600w, https:\/\/www.kaiserstrand.at\/wp-content\/uploads\/2023\/11\/Bilder-1600x900-7-500x500.webp 500w\" sizes=\"(max-width: 1600px) 100vw, 1600px\" \/><\/figure>\n\n\n\n<p class=\"has-text-align-left wp-block-paragraph\">Unser Weihnachtsprogramm f\u00fcr die kommenden Wochen:<\/p>\n\n\n\n<p class=\"has-text-align-left wp-block-paragraph\">23. November bis 23. Dezember, Donnerstag bis Sonntag 15 bis 19 Uhr:  <a href=\"https:\/\/www.kaiserstrand.at\/blog\/gluehweinduft-und-seeblick\/\" data-type=\"link\" data-id=\"https:\/\/www.kaiserstrand.at\/blog\/gluehweinduft-und-seeblick\/\">Weihnachtsgarten am Kaiserstrand<\/a><\/p>\n\n\n\n<p class=\"has-text-align-left wp-block-paragraph\">7. Dezember ab 17:30: Fondue-Abend im Badehaus &#8211; Fondue Chinoise 58 \u20ac pro Person (exkl. Getr\u00e4nke)<\/p>\n\n\n\n<p class=\"has-text-align-left wp-block-paragraph\">17. Dezember ab 17:30: Fondue-Abend im Badehaus &#8211; Fondue Chinoise, Vorspeise und Dessert 58 \u20ac pro Person (exkl. Getr\u00e4nke)<\/p>\n\n\n\n<p class=\"has-text-align-left wp-block-paragraph\">24. Dezember: Festliches Weihnachtsmen\u00fc &#8211; Vier G\u00e4nge und ein Glas Apero 85 \u20ac pro Person<\/p>\n\n\n\n<p class=\"has-text-align-left wp-block-paragraph\">25. Dezember 10:30 bis 14 Uhr: Weihnachtsbrunch 48 \u20ac pro Person<\/p>\n\n\n\n<p class=\"has-text-align-left wp-block-paragraph\">25. Dezember ab 19 Uhr: Weihnachtsfondue &#8211; Fondue Chinoise, Vorspeise und Dessert 58 \u20ac pro Person (exkl. Getr\u00e4nke)<\/p>\n\n\n\n<p class=\"has-text-align-left wp-block-paragraph\">26. Dezember ab 19 Uhr: Weihnachtsbuffet mit traditionellen \u00f6sterreichischen Speisen 65 \u20ac pro Person (exkl. Getr\u00e4nke)<\/p>\n\n\n\n<p class=\"wp-block-paragraph\">Unsere Men\u00fcs f\u00fcr die Festtage finden Sie <a href=\"https:\/\/www.kaiserstrand.at\/restaurant-bar\/vju-restaurant\/\" data-type=\"link\" data-id=\"https:\/\/www.kaiserstrand.at\/restaurant-bar\/vju-restaurant\/\">HIER<\/a>.<\/p>\n","protected":false},"excerpt":{"rendered":"<p>Unser Weihnachstprogramm f\u00fcr die kommenden Wochen<\/p>\n","protected":false},"author":2,"featured_media":2701,"comment_status":"closed","ping_status":"closed","sticky":false,"template":"","format":"standard","meta":{"_acf_changed":false,"_seopress_titles_title":"O du fr\u00f6hliche","_seopress_titles_desc":"weihnachten am bodensee essen gehen mit familie und freunden in region bregenz und lindau","_seopress_robots_index":"","_seopress_robots_follow":"","_seopress_robots_imageindex":"","_seopress_robots_snippet":"","_seopress_robots_primary_cat":"none","_seopress_robots_breadcrumbs":"","_seopress_robots_freeze_modified_date":"","_seopress_robots_custom_modified_date":"","_seopress_robots_canonical":"","_seopress_social_fb_title":"","_seopress_social_fb_desc":"","_seopress_social_fb_img":"","_seopress_social_fb_img_attachment_id":0,"_seopress_social_fb_img_width":0,"_seopress_social_fb_img_height":0,"_seopress_social_twitter_title":"","_seopress_social_twitter_desc":"","_seopress_social_twitter_img":"","_seopress_social_twitter_img_attachment_id":0,"_seopress_social_twitter_img_width":0,"_seopress_social_twitter_img_height":0,"_seopress_redirections_value":"","_seopress_redirections_enabled":"","_seopress_redirections_enabled_regex":"","_seopress_redirections_logged_status":"both","_seopress_redirections_param":"","_seopress_redirections_type":301,"_seopress_analysis_target_kw":"","_seopress_news_disabled":"","_seopress_video_disabled":"","_seopress_video":[],"_seopress_pro_schemas_manual":[],"_seopress_pro_rich_snippets_disable_all":"","_seopress_pro_rich_snippets_disable":[],"_seopress_pro_schemas":[],"footnotes":""},"categories":[19],"tags":[],"class_list":["post-2700","post","type-post","status-publish","format-standard","has-post-thumbnail","category-event-location-seehotel"],"acf":[],"permalink_manager":null,"_links":{"self":[{"href":"https:\/\/www.kaiserstrand.at\/de\/wp-json\/wp\/v2\/posts\/2700","targetHints":{"allow":["GET"]}}],"collection":[{"href":"https:\/\/www.kaiserstrand.at\/de\/wp-json\/wp\/v2\/posts"}],"about":[{"href":"https:\/\/www.kaiserstrand.at\/de\/wp-json\/wp\/v2\/types\/post"}],"author":[{"embeddable":true,"href":"https:\/\/www.kaiserstrand.at\/de\/wp-json\/wp\/v2\/users\/2"}],"replies":[{"embeddable":true,"href":"https:\/\/www.kaiserstrand.at\/de\/wp-json\/wp\/v2\/comments?post=2700"}],"version-history":[{"count":0,"href":"https:\/\/www.kaiserstrand.at\/de\/wp-json\/wp\/v2\/posts\/2700\/revisions"}],"wp:featuredmedia":[{"embeddable":true,"href":"https:\/\/www.kaiserstrand.at\/de\/wp-json\/wp\/v2\/media\/2701"}],"wp:attachment":[{"href":"https:\/\/www.kaiserstrand.at\/de\/wp-json\/wp\/v2\/media?parent=2700"}],"wp:term":[{"taxonomy":"category","embeddable":true,"href":"https:\/\/www.kaiserstrand.at\/de\/wp-json\/wp\/v2\/categories?post=2700"},{"taxonomy":"post_tag","embeddable":true,"href":"https:\/\/www.kaiserstrand.at\/de\/wp-json\/wp\/v2\/tags?post=2700"}],"curies":[{"name":"wp","href":"https:\/\/api.w.org\/{rel}","templated":true}]}}