{"id":6351,"date":"2025-05-08T17:03:27","date_gmt":"2025-05-08T15:03:27","guid":{"rendered":"https:\/\/www.kaiserstrand.at\/?p=6351"},"modified":"2025-05-08T17:23:54","modified_gmt":"2025-05-08T15:23:54","slug":"verleihung-des-kunst-und-kulturpreises-im-seehotel-am-kaiserstrand","status":"publish","type":"post","link":"https:\/\/www.kaiserstrand.at\/de\/blog\/verleihung-des-kunst-und-kulturpreises-im-seehotel-am-kaiserstrand\/","title":{"rendered":"Verleihung des Kunst- und Kulturpreises im Seehotel am Kaiserstrand"},"content":{"rendered":"\n<p class=\"wp-block-paragraph\"><strong><strong>W\u00fcrdigung k\u00fcnstlerischer Exzellenz am Bodensee<\/strong><\/strong><\/p>\n\n\n\n<p class=\"wp-block-paragraph\">Es war uns eine gro\u00dfe Ehre, in diesem Jahr erneut als <strong>Gastgeber der Verleihung des Kunst- und Kulturpreises<\/strong> der <em>Vorarlberger Nachrichten<\/em> und der <em>Wiener St\u00e4dtische<\/em> zu fungieren.<\/p>\n\n\n\n<p class=\"wp-block-paragraph\">Unser Haus diente bereits mehrfach als B\u00fchne f\u00fcr K\u00fcnstlerinnen und K\u00fcnstler aus Vorarlberg \u2013 als ein Ort, an dem k\u00fcnstlerische Begegnungen erm\u00f6glicht und kultureller Austausch gef\u00f6rdert wurden. Diese Auszeichnung w\u00fcrdigte das herausragende Schaffen innerhalb der regionalen Kunstszene und leistete einen wertvollen Beitrag zur Vielfalt unserer Kulturlandschaft.<\/p>\n\n\n\n<p class=\"wp-block-paragraph\">Wir gratulieren allen Preistr\u00e4gerinnen und Preistr\u00e4gern sehr herzlich und blicken mit Stolz auf einen besonderen Abend zur\u00fcck, den wir gemeinsam mit all unseren G\u00e4sten im Seehotel am Kaiserstrand begehen durften.<br><\/p>\n\n\n\n<p class=\"wp-block-paragraph\"><\/p>\n\n\n\n<p class=\"wp-block-paragraph\"><\/p>\n\n\n\n<p class=\"wp-block-paragraph\"><\/p>\n","protected":false},"excerpt":{"rendered":"<p>Verleihung des Kunst- und Kulturpreises im Seehotel am Kaiserstrand<\/p>\n","protected":false},"author":13,"featured_media":6360,"comment_status":"closed","ping_status":"closed","sticky":false,"template":"","format":"standard","meta":{"_acf_changed":false,"_seopress_titles_title":"W\u00fcrdigung k\u00fcnstlerischer Exzellenz am Bodensee","_seopress_titles_desc":"Verleihung des Kunst- und Kulturpreises im Seehotel am Kaiserstrand","_seopress_robots_index":"","_seopress_robots_follow":"","_seopress_robots_imageindex":"","_seopress_robots_snippet":"","_seopress_robots_primary_cat":"none","_seopress_robots_breadcrumbs":"","_seopress_robots_freeze_modified_date":"","_seopress_robots_custom_modified_date":"","_seopress_robots_canonical":"","_seopress_social_fb_title":"","_seopress_social_fb_desc":"","_seopress_social_fb_img":"","_seopress_social_fb_img_attachment_id":0,"_seopress_social_fb_img_width":0,"_seopress_social_fb_img_height":0,"_seopress_social_twitter_title":"","_seopress_social_twitter_desc":"","_seopress_social_twitter_img":"","_seopress_social_twitter_img_attachment_id":0,"_seopress_social_twitter_img_width":0,"_seopress_social_twitter_img_height":0,"_seopress_redirections_value":"","_seopress_redirections_enabled":"","_seopress_redirections_enabled_regex":"","_seopress_redirections_logged_status":"both","_seopress_redirections_param":"","_seopress_redirections_type":301,"_seopress_analysis_target_kw":"","_seopress_news_disabled":"","_seopress_video_disabled":"","_seopress_video":[],"_seopress_pro_schemas_manual":[],"_seopress_pro_rich_snippets_disable_all":"","_seopress_pro_rich_snippets_disable":[],"_seopress_pro_schemas":[],"footnotes":""},"categories":[21],"tags":[],"class_list":["post-6351","post","type-post","status-publish","format-standard","has-post-thumbnail","category-in-eigener-sache"],"acf":[],"permalink_manager":null,"_links":{"self":[{"href":"https:\/\/www.kaiserstrand.at\/de\/wp-json\/wp\/v2\/posts\/6351","targetHints":{"allow":["GET"]}}],"collection":[{"href":"https:\/\/www.kaiserstrand.at\/de\/wp-json\/wp\/v2\/posts"}],"about":[{"href":"https:\/\/www.kaiserstrand.at\/de\/wp-json\/wp\/v2\/types\/post"}],"author":[{"embeddable":true,"href":"https:\/\/www.kaiserstrand.at\/de\/wp-json\/wp\/v2\/users\/13"}],"replies":[{"embeddable":true,"href":"https:\/\/www.kaiserstrand.at\/de\/wp-json\/wp\/v2\/comments?post=6351"}],"version-history":[{"count":0,"href":"https:\/\/www.kaiserstrand.at\/de\/wp-json\/wp\/v2\/posts\/6351\/revisions"}],"wp:featuredmedia":[{"embeddable":true,"href":"https:\/\/www.kaiserstrand.at\/de\/wp-json\/wp\/v2\/media\/6360"}],"wp:attachment":[{"href":"https:\/\/www.kaiserstrand.at\/de\/wp-json\/wp\/v2\/media?parent=6351"}],"wp:term":[{"taxonomy":"category","embeddable":true,"href":"https:\/\/www.kaiserstrand.at\/de\/wp-json\/wp\/v2\/categories?post=6351"},{"taxonomy":"post_tag","embeddable":true,"href":"https:\/\/www.kaiserstrand.at\/de\/wp-json\/wp\/v2\/tags?post=6351"}],"curies":[{"name":"wp","href":"https:\/\/api.w.org\/{rel}","templated":true}]}}